{"id":90,"date":"2025-02-11T12:16:35","date_gmt":"2025-02-11T11:16:35","guid":{"rendered":"http:\/\/bsiizmw.cluster100.hosting.ovh.net\/?p=90"},"modified":"2026-03-30T11:36:11","modified_gmt":"2026-03-30T09:36:11","slug":"mythes","status":"publish","type":"post","link":"https:\/\/emmaricochastel.com\/index.php\/2025\/02\/11\/mythes\/","title":{"rendered":"Mythes"},"content":{"rendered":"\n<div class=\"wp-block-columns is-layout-flex wp-container-core-columns-is-layout-28f84493 wp-block-columns-is-layout-flex\">\n<div class=\"wp-block-column is-layout-flow wp-container-core-column-is-layout-92c44e9e wp-block-column-is-layout-flow\" style=\"padding-top:0;padding-bottom:0;flex-basis:66.66%\">\n<figure class=\"wp-block-image size-large\"><img loading=\"lazy\" decoding=\"async\" width=\"1024\" height=\"940\" src=\"http:\/\/bsiizmw.cluster100.hosting.ovh.net\/wp-content\/uploads\/2025\/02\/Cavites_web-1-1024x940.jpg\" alt=\"\" class=\"wp-image-196\" srcset=\"https:\/\/emmaricochastel.com\/wp-content\/uploads\/2025\/02\/Cavites_web-1-1024x940.jpg 1024w, https:\/\/emmaricochastel.com\/wp-content\/uploads\/2025\/02\/Cavites_web-1-300x275.jpg 300w, https:\/\/emmaricochastel.com\/wp-content\/uploads\/2025\/02\/Cavites_web-1-768x705.jpg 768w, https:\/\/emmaricochastel.com\/wp-content\/uploads\/2025\/02\/Cavites_web-1-1536x1410.jpg 1536w, https:\/\/emmaricochastel.com\/wp-content\/uploads\/2025\/02\/Cavites_web-1-2048x1880.jpg 2048w\" sizes=\"auto, (max-width: 1024px) 100vw, 1024px\" \/><figcaption class=\"wp-element-caption\"><em>Cavit\u00e9s<\/em>, le mythe de ma caverne, 2024. Acrylique sur toile, 90x90cm.<br> Vendue par la galerie Le Container, Aix en Provence.<\/figcaption><\/figure>\n\n\n\n<figure class=\"wp-block-image size-large\"><img loading=\"lazy\" decoding=\"async\" width=\"898\" height=\"1024\" src=\"https:\/\/emmaricochastel.com\/wp-content\/uploads\/2025\/02\/Aparte_2025_80x70-1-898x1024.jpg\" alt=\"\" class=\"wp-image-557\" srcset=\"https:\/\/emmaricochastel.com\/wp-content\/uploads\/2025\/02\/Aparte_2025_80x70-1-898x1024.jpg 898w, https:\/\/emmaricochastel.com\/wp-content\/uploads\/2025\/02\/Aparte_2025_80x70-1-263x300.jpg 263w, https:\/\/emmaricochastel.com\/wp-content\/uploads\/2025\/02\/Aparte_2025_80x70-1-768x876.jpg 768w, https:\/\/emmaricochastel.com\/wp-content\/uploads\/2025\/02\/Aparte_2025_80x70-1-1347x1536.jpg 1347w, https:\/\/emmaricochastel.com\/wp-content\/uploads\/2025\/02\/Aparte_2025_80x70-1-1796x2048.jpg 1796w\" sizes=\"auto, (max-width: 898px) 100vw, 898px\" \/><figcaption class=\"wp-element-caption\">En apart\u00e9, 2025. Acrylique sur toile, 80x70cm. Disponible \u00e0 l&rsquo;atelier Seruse, Marseille. Prix 1 500 \u20ac.<\/figcaption><\/figure>\n\n\n\n<div class=\"wp-block-columns is-layout-flex wp-container-core-columns-is-layout-44590b80 wp-block-columns-is-layout-flex\" style=\"margin-top:0;margin-bottom:0;padding-top:0;padding-bottom:0\">\n<div class=\"wp-block-column is-layout-flow wp-block-column-is-layout-flow\">\n<figure class=\"wp-block-image size-large\"><img loading=\"lazy\" decoding=\"async\" width=\"1706\" height=\"2560\" src=\"http:\/\/bsiizmw.cluster100.hosting.ovh.net\/wp-content\/uploads\/2025\/02\/Junon_web-1-edited-scaled.jpg\" alt=\"\" class=\"wp-image-210\" srcset=\"https:\/\/emmaricochastel.com\/wp-content\/uploads\/2025\/02\/Junon_web-1-edited-scaled.jpg 1706w, https:\/\/emmaricochastel.com\/wp-content\/uploads\/2025\/02\/Junon_web-1-edited-200x300.jpg 200w, https:\/\/emmaricochastel.com\/wp-content\/uploads\/2025\/02\/Junon_web-1-edited-683x1024.jpg 683w, https:\/\/emmaricochastel.com\/wp-content\/uploads\/2025\/02\/Junon_web-1-edited-768x1152.jpg 768w, https:\/\/emmaricochastel.com\/wp-content\/uploads\/2025\/02\/Junon_web-1-edited-1024x1536.jpg 1024w, https:\/\/emmaricochastel.com\/wp-content\/uploads\/2025\/02\/Junon_web-1-edited-1365x2048.jpg 1365w\" sizes=\"auto, (max-width: 1706px) 100vw, 1706px\" \/><figcaption class=\"wp-element-caption\"><em>Junon,<\/em> d\u00e9esse de la f\u00e9condit\u00e9, 2021. Acrylique sur toile, 50x70cm. Toile vendue par la galerie Ars Longa, Aix en Provence.<\/figcaption><\/figure>\n\n\n\n<div class=\"wp-block-columns is-layout-flex wp-container-core-columns-is-layout-28f84493 wp-block-columns-is-layout-flex\">\n<div class=\"wp-block-column is-layout-flow wp-block-column-is-layout-flow\"><\/div>\n<\/div>\n<\/div>\n\n\n\n<div class=\"wp-block-column is-layout-flow wp-block-column-is-layout-flow\">\n<figure class=\"wp-block-image size-large\"><img loading=\"lazy\" decoding=\"async\" width=\"1599\" height=\"2399\" src=\"http:\/\/bsiizmw.cluster100.hosting.ovh.net\/wp-content\/uploads\/2025\/02\/lafemmesauvage_2021_web-edited.jpg\" alt=\"\" class=\"wp-image-208\" srcset=\"https:\/\/emmaricochastel.com\/wp-content\/uploads\/2025\/02\/lafemmesauvage_2021_web-edited.jpg 1599w, https:\/\/emmaricochastel.com\/wp-content\/uploads\/2025\/02\/lafemmesauvage_2021_web-edited-200x300.jpg 200w, https:\/\/emmaricochastel.com\/wp-content\/uploads\/2025\/02\/lafemmesauvage_2021_web-edited-683x1024.jpg 683w, https:\/\/emmaricochastel.com\/wp-content\/uploads\/2025\/02\/lafemmesauvage_2021_web-edited-768x1152.jpg 768w, https:\/\/emmaricochastel.com\/wp-content\/uploads\/2025\/02\/lafemmesauvage_2021_web-edited-1024x1536.jpg 1024w, https:\/\/emmaricochastel.com\/wp-content\/uploads\/2025\/02\/lafemmesauvage_2021_web-edited-1365x2048.jpg 1365w\" sizes=\"auto, (max-width: 1599px) 100vw, 1599px\" \/><figcaption class=\"wp-element-caption\"><em>Femme sauvag<\/em>e, 2021. Acrylique sur toile, 50x60cm. Toile vendue par la galerie Ars Longa, Aix en Provence.<\/figcaption><\/figure>\n\n\n\n<div class=\"wp-block-columns is-layout-flex wp-container-core-columns-is-layout-28f84493 wp-block-columns-is-layout-flex\">\n<div class=\"wp-block-column is-layout-flow wp-block-column-is-layout-flow\"><\/div>\n\n\n\n<div class=\"wp-block-column is-layout-flow wp-block-column-is-layout-flow\"><\/div>\n<\/div>\n<\/div>\n<\/div>\n<\/div>\n\n\n\n<div class=\"wp-block-column is-layout-flow wp-block-column-is-layout-flow\" style=\"flex-basis:33.33%\">\n<p><strong>Mythes<\/strong><\/p>\n\n\n\n<p>Le mythe relate des faits imaginaires, il r\u00e9pond \u00e0 un besoin m\u00e9thaphysique de l&rsquo;homme et l&rsquo;aide \u00e0 se confronter \u00e0 une suite de r\u00e9pr\u00e9sentations et de sch\u00e9ma.<\/p>\n\n\n\n<p>Paradoxalement cette histoire racont\u00e9e justifie une morale, un syst\u00e8me, un fonctionnement th\u00e9orique qui para\u00eet suffisamment acceptable, ou du moins qui tend \u00e0 relire la r\u00e9alit\u00e9 dans un conflit d&rsquo;int\u00e9r\u00eat. <\/p>\n\n\n\n<p>Riche de cultures, de transmissions et d&rsquo;interpr\u00e9tations individuelles ou collectives, il cr\u00e9e un continuum de familiarit\u00e9s.<\/p>\n\n\n\n<p>Dans cette s\u00e9rie, la recherche et la composition ne sont pas rationnelles. Il convient de saisir des ressentis personnels pour raconter l&rsquo;histoire famili\u00e8re convenue, \u00e0 l&rsquo;instant o\u00f9 elle est v\u00e9cue, pour se complaire dans la connaissance de soi.<\/p>\n<\/div>\n<\/div>\n\n\n\n<figure class=\"wp-block-image size-large is-resized\"><img loading=\"lazy\" decoding=\"async\" width=\"739\" height=\"1024\" src=\"https:\/\/emmaricochastel.com\/wp-content\/uploads\/2025\/02\/Antresoi_80x100_2025-739x1024.jpg\" alt=\"\" class=\"wp-image-550\" style=\"aspect-ratio:0.721693317312136;width:636px;height:auto\" srcset=\"https:\/\/emmaricochastel.com\/wp-content\/uploads\/2025\/02\/Antresoi_80x100_2025-739x1024.jpg 739w, https:\/\/emmaricochastel.com\/wp-content\/uploads\/2025\/02\/Antresoi_80x100_2025-216x300.jpg 216w, https:\/\/emmaricochastel.com\/wp-content\/uploads\/2025\/02\/Antresoi_80x100_2025-768x1064.jpg 768w, https:\/\/emmaricochastel.com\/wp-content\/uploads\/2025\/02\/Antresoi_80x100_2025-1108x1536.jpg 1108w, https:\/\/emmaricochastel.com\/wp-content\/uploads\/2025\/02\/Antresoi_80x100_2025-1478x2048.jpg 1478w, https:\/\/emmaricochastel.com\/wp-content\/uploads\/2025\/02\/Antresoi_80x100_2025-scaled.jpg 1847w\" sizes=\"auto, (max-width: 739px) 100vw, 739px\" \/><figcaption class=\"wp-element-caption\"><em>L&rsquo;antre soi,<\/em> 2025. Oser sortir de sa caverne, de ce qui est devenu trop familier.<br>Acrylique et gouache, 80&#215;110 cm. Disponible \u00e0 l&rsquo;atelier Seruse, Marseille.  Prix 1 900 \u20ac.<\/figcaption><\/figure>\n\n\n\n<figure class=\"wp-block-image size-large is-resized\"><img loading=\"lazy\" decoding=\"async\" width=\"2487\" height=\"2499\" src=\"https:\/\/emmaricochastel.com\/wp-content\/uploads\/2026\/01\/Satori-edited-1.jpg\" alt=\"\" class=\"wp-image-570\" style=\"aspect-ratio:0.9951147343925781;width:642px;height:auto\" srcset=\"https:\/\/emmaricochastel.com\/wp-content\/uploads\/2026\/01\/Satori-edited-1.jpg 2487w, https:\/\/emmaricochastel.com\/wp-content\/uploads\/2026\/01\/Satori-edited-1-300x300.jpg 300w, https:\/\/emmaricochastel.com\/wp-content\/uploads\/2026\/01\/Satori-edited-1-1019x1024.jpg 1019w, https:\/\/emmaricochastel.com\/wp-content\/uploads\/2026\/01\/Satori-edited-1-150x150.jpg 150w, https:\/\/emmaricochastel.com\/wp-content\/uploads\/2026\/01\/Satori-edited-1-768x772.jpg 768w, https:\/\/emmaricochastel.com\/wp-content\/uploads\/2026\/01\/Satori-edited-1-1529x1536.jpg 1529w, https:\/\/emmaricochastel.com\/wp-content\/uploads\/2026\/01\/Satori-edited-1-2038x2048.jpg 2038w\" sizes=\"auto, (max-width: 2487px) 100vw, 2487px\" \/><figcaption class=\"wp-element-caption\"><em>Satori,<\/em> 2025. Quand tout converge et a son sens, l&rsquo;\u00e9veil est en chemin. Acrylique sur toile 90x90cm<br>Prix 1 800 \u20ac. Disponible \u00e0 l&rsquo;atelier Seruse.<\/figcaption><\/figure>\n\n\n\n<figure class=\"wp-block-image size-large is-resized\"><img loading=\"lazy\" decoding=\"async\" width=\"2409\" height=\"2560\" src=\"https:\/\/emmaricochastel.com\/wp-content\/uploads\/2026\/01\/Reveilsurlaville_22-25_90x90-edited-scaled.jpg\" alt=\"\" class=\"wp-image-571\" style=\"aspect-ratio:0.9404308295921832;width:649px;height:auto\" srcset=\"https:\/\/emmaricochastel.com\/wp-content\/uploads\/2026\/01\/Reveilsurlaville_22-25_90x90-edited-scaled.jpg 2409w, https:\/\/emmaricochastel.com\/wp-content\/uploads\/2026\/01\/Reveilsurlaville_22-25_90x90-edited-282x300.jpg 282w, https:\/\/emmaricochastel.com\/wp-content\/uploads\/2026\/01\/Reveilsurlaville_22-25_90x90-edited-963x1024.jpg 963w, https:\/\/emmaricochastel.com\/wp-content\/uploads\/2026\/01\/Reveilsurlaville_22-25_90x90-edited-768x816.jpg 768w, https:\/\/emmaricochastel.com\/wp-content\/uploads\/2026\/01\/Reveilsurlaville_22-25_90x90-edited-1445x1536.jpg 1445w, https:\/\/emmaricochastel.com\/wp-content\/uploads\/2026\/01\/Reveilsurlaville_22-25_90x90-edited-1927x2048.jpg 1927w\" sizes=\"auto, (max-width: 2409px) 100vw, 2409px\" \/><figcaption class=\"wp-element-caption\"><em>R\u00e9veil sur la ville<\/em>, 2025. Acrylique sur toile, 90x90cm. Disponible \u00e0 l&rsquo;atelier Seruse, Marseille. Prix 1 800 \u20ac.<\/figcaption><\/figure>\n\n\n\n<figure class=\"wp-block-image size-large is-resized\"><img loading=\"lazy\" decoding=\"async\" width=\"2009\" height=\"2560\" src=\"https:\/\/emmaricochastel.com\/wp-content\/uploads\/2026\/01\/TheSunshineUnderground_60x50-edited-scaled.jpg\" alt=\"\" class=\"wp-image-577\" style=\"aspect-ratio:0.7851696599573592;width:653px;height:auto\" srcset=\"https:\/\/emmaricochastel.com\/wp-content\/uploads\/2026\/01\/TheSunshineUnderground_60x50-edited-scaled.jpg 2009w, https:\/\/emmaricochastel.com\/wp-content\/uploads\/2026\/01\/TheSunshineUnderground_60x50-edited-235x300.jpg 235w, https:\/\/emmaricochastel.com\/wp-content\/uploads\/2026\/01\/TheSunshineUnderground_60x50-edited-804x1024.jpg 804w, https:\/\/emmaricochastel.com\/wp-content\/uploads\/2026\/01\/TheSunshineUnderground_60x50-edited-768x978.jpg 768w, https:\/\/emmaricochastel.com\/wp-content\/uploads\/2026\/01\/TheSunshineUnderground_60x50-edited-1206x1536.jpg 1206w, https:\/\/emmaricochastel.com\/wp-content\/uploads\/2026\/01\/TheSunshineUnderground_60x50-edited-1608x2048.jpg 1608w\" sizes=\"auto, (max-width: 2009px) 100vw, 2009px\" \/><figcaption class=\"wp-element-caption\"><em>The Sunshine Underground<\/em>, 2025. Acrylique sur toile, 60x50cm. Disponible \u00e0 l&rsquo;atelier Seruse, Marseille. <br>Prix 1 100 \u20ac.<\/figcaption><\/figure>\n\n\n\n<figure class=\"wp-block-image size-large is-resized\"><img loading=\"lazy\" decoding=\"async\" width=\"1640\" height=\"2560\" src=\"https:\/\/emmaricochastel.com\/wp-content\/uploads\/2026\/01\/LesOiseauxdeNuit-1-edited-scaled.jpg\" alt=\"\" class=\"wp-image-598\" style=\"aspect-ratio:0.6406206595499822;width:660px;height:auto\" srcset=\"https:\/\/emmaricochastel.com\/wp-content\/uploads\/2026\/01\/LesOiseauxdeNuit-1-edited-scaled.jpg 1640w, https:\/\/emmaricochastel.com\/wp-content\/uploads\/2026\/01\/LesOiseauxdeNuit-1-edited-192x300.jpg 192w, https:\/\/emmaricochastel.com\/wp-content\/uploads\/2026\/01\/LesOiseauxdeNuit-1-edited-656x1024.jpg 656w, https:\/\/emmaricochastel.com\/wp-content\/uploads\/2026\/01\/LesOiseauxdeNuit-1-edited-768x1199.jpg 768w, https:\/\/emmaricochastel.com\/wp-content\/uploads\/2026\/01\/LesOiseauxdeNuit-1-edited-984x1536.jpg 984w, https:\/\/emmaricochastel.com\/wp-content\/uploads\/2026\/01\/LesOiseauxdeNuit-1-edited-1312x2048.jpg 1312w\" sizes=\"auto, (max-width: 1640px) 100vw, 1640px\" \/><figcaption class=\"wp-element-caption\"><em>Les oiseaux de nuit,<\/em> 2025. Acrylique sur toile 190x110cm. Disponible \u00e0 l&rsquo;atelier.<br>Prix 3 400 \u20ac.<\/figcaption><\/figure>\n\n\n\n<figure class=\"wp-block-image size-large is-resized\"><img loading=\"lazy\" decoding=\"async\" width=\"1024\" height=\"776\" src=\"https:\/\/emmaricochastel.com\/wp-content\/uploads\/2025\/02\/LerevedeBibemus_web-1024x776.jpg\" alt=\"\" class=\"wp-image-607\" style=\"aspect-ratio:1.319600269756606;width:683px;height:auto\" srcset=\"https:\/\/emmaricochastel.com\/wp-content\/uploads\/2025\/02\/LerevedeBibemus_web-1024x776.jpg 1024w, https:\/\/emmaricochastel.com\/wp-content\/uploads\/2025\/02\/LerevedeBibemus_web-300x227.jpg 300w, https:\/\/emmaricochastel.com\/wp-content\/uploads\/2025\/02\/LerevedeBibemus_web-768x582.jpg 768w, https:\/\/emmaricochastel.com\/wp-content\/uploads\/2025\/02\/LerevedeBibemus_web-1536x1164.jpg 1536w, https:\/\/emmaricochastel.com\/wp-content\/uploads\/2025\/02\/LerevedeBibemus_web.jpg 1984w\" sizes=\"auto, (max-width: 1024px) 100vw, 1024px\" \/><figcaption class=\"wp-element-caption\"><em>Le r\u00eave de Bibemus<\/em>, 2025. Acrylique sur toile, 60&#215;70 cm, disponible \u00e0 l&rsquo;atelier. Prix 1 300\u20ac.<\/figcaption><\/figure>\n\n\n\n<figure class=\"wp-block-image size-large is-resized\"><img loading=\"lazy\" decoding=\"async\" width=\"1024\" height=\"768\" src=\"https:\/\/emmaricochastel.com\/wp-content\/uploads\/2025\/02\/LivressedeBibemus_2025_60x80_web-2-1024x768.jpg\" alt=\"\" class=\"wp-image-624\" style=\"width:673px;height:auto\" srcset=\"https:\/\/emmaricochastel.com\/wp-content\/uploads\/2025\/02\/LivressedeBibemus_2025_60x80_web-2-1024x768.jpg 1024w, https:\/\/emmaricochastel.com\/wp-content\/uploads\/2025\/02\/LivressedeBibemus_2025_60x80_web-2-300x225.jpg 300w, https:\/\/emmaricochastel.com\/wp-content\/uploads\/2025\/02\/LivressedeBibemus_2025_60x80_web-2-768x576.jpg 768w, https:\/\/emmaricochastel.com\/wp-content\/uploads\/2025\/02\/LivressedeBibemus_2025_60x80_web-2-1536x1152.jpg 1536w, https:\/\/emmaricochastel.com\/wp-content\/uploads\/2025\/02\/LivressedeBibemus_2025_60x80_web-2.jpg 1984w\" sizes=\"auto, (max-width: 1024px) 100vw, 1024px\" \/><figcaption class=\"wp-element-caption\"><em>L&rsquo;ivresse de Bibemus,<\/em> 2025. Acrylique sur toile, 60x70cm. Disponible \u00e0 l&rsquo;atelier. Prix 1 300\u20ac.<\/figcaption><\/figure>\n","protected":false},"excerpt":{"rendered":"<p>Mythes Le mythe relate des faits imaginaires, il r\u00e9pond \u00e0 un besoin m\u00e9thaphysique de l&rsquo;homme et l&rsquo;aide \u00e0 se confronter \u00e0 une suite de r\u00e9pr\u00e9sentations et de sch\u00e9ma. Paradoxalement cette histoire racont\u00e9e justifie une morale, un syst\u00e8me, un fonctionnement th\u00e9orique qui para\u00eet suffisamment acceptable, ou du moins qui tend \u00e0 relire la r\u00e9alit\u00e9 dans un [&hellip;]<\/p>\n","protected":false},"author":1,"featured_media":93,"comment_status":"open","ping_status":"open","sticky":false,"template":"","format":"standard","meta":{"footnotes":""},"categories":[5],"tags":[],"class_list":["post-90","post","type-post","status-publish","format-standard","has-post-thumbnail","hentry","category-peinture"],"yoast_head":"<!-- This site is optimized with the Yoast SEO plugin v24.4 - https:\/\/yoast.com\/wordpress\/plugins\/seo\/ -->\n<title>Mythes - Emma RICO CHASTEL<\/title>\n<meta name=\"robots\" content=\"index, follow, max-snippet:-1, max-image-preview:large, max-video-preview:-1\" \/>\n<link rel=\"canonical\" href=\"https:\/\/emmaricochastel.com\/index.php\/2025\/02\/11\/mythes\/\" \/>\n<meta property=\"og:locale\" content=\"fr_FR\" \/>\n<meta property=\"og:type\" content=\"article\" \/>\n<meta property=\"og:title\" content=\"Mythes - Emma RICO CHASTEL\" \/>\n<meta property=\"og:description\" content=\"Mythes Le mythe relate des faits imaginaires, il r\u00e9pond \u00e0 un besoin m\u00e9thaphysique de l&rsquo;homme et l&rsquo;aide \u00e0 se confronter \u00e0 une suite de r\u00e9pr\u00e9sentations et de sch\u00e9ma. Paradoxalement cette histoire racont\u00e9e justifie une morale, un syst\u00e8me, un fonctionnement th\u00e9orique qui para\u00eet suffisamment acceptable, ou du moins qui tend \u00e0 relire la r\u00e9alit\u00e9 dans un [&hellip;]\" \/>\n<meta property=\"og:url\" content=\"https:\/\/emmaricochastel.com\/index.php\/2025\/02\/11\/mythes\/\" \/>\n<meta property=\"og:site_name\" content=\"Emma RICO CHASTEL\" \/>\n<meta property=\"article:published_time\" content=\"2025-02-11T11:16:35+00:00\" \/>\n<meta property=\"article:modified_time\" content=\"2026-03-30T09:36:11+00:00\" \/>\n<meta property=\"og:image\" content=\"https:\/\/emmaricochastel.com\/wp-content\/uploads\/2025\/02\/Junon_web-scaled.jpg\" \/>\n\t<meta property=\"og:image:width\" content=\"1787\" \/>\n\t<meta property=\"og:image:height\" content=\"2560\" \/>\n\t<meta property=\"og:image:type\" content=\"image\/jpeg\" \/>\n<meta name=\"author\" content=\"admin3824\" \/>\n<meta name=\"twitter:card\" content=\"summary_large_image\" \/>\n<meta name=\"twitter:label1\" content=\"\u00c9crit par\" \/>\n\t<meta name=\"twitter:data1\" content=\"admin3824\" \/>\n\t<meta name=\"twitter:label2\" content=\"Dur\u00e9e de lecture estim\u00e9e\" \/>\n\t<meta name=\"twitter:data2\" content=\"5 minutes\" \/>\n<script type=\"application\/ld+json\" class=\"yoast-schema-graph\">{\"@context\":\"https:\/\/schema.org\",\"@graph\":[{\"@type\":\"Article\",\"@id\":\"https:\/\/emmaricochastel.com\/index.php\/2025\/02\/11\/mythes\/#article\",\"isPartOf\":{\"@id\":\"https:\/\/emmaricochastel.com\/index.php\/2025\/02\/11\/mythes\/\"},\"author\":{\"name\":\"admin3824\",\"@id\":\"https:\/\/emmaricochastel.com\/#\/schema\/person\/17c084f4a9cbad66a10e91c72503f8ee\"},\"headline\":\"Mythes\",\"datePublished\":\"2025-02-11T11:16:35+00:00\",\"dateModified\":\"2026-03-30T09:36:11+00:00\",\"mainEntityOfPage\":{\"@id\":\"https:\/\/emmaricochastel.com\/index.php\/2025\/02\/11\/mythes\/\"},\"wordCount\":306,\"commentCount\":0,\"publisher\":{\"@id\":\"https:\/\/emmaricochastel.com\/#organization\"},\"image\":{\"@id\":\"https:\/\/emmaricochastel.com\/index.php\/2025\/02\/11\/mythes\/#primaryimage\"},\"thumbnailUrl\":\"https:\/\/emmaricochastel.com\/wp-content\/uploads\/2025\/02\/Junon_web-scaled.jpg\",\"articleSection\":[\"Peinture\"],\"inLanguage\":\"fr-FR\",\"potentialAction\":[{\"@type\":\"CommentAction\",\"name\":\"Comment\",\"target\":[\"https:\/\/emmaricochastel.com\/index.php\/2025\/02\/11\/mythes\/#respond\"]}]},{\"@type\":\"WebPage\",\"@id\":\"https:\/\/emmaricochastel.com\/index.php\/2025\/02\/11\/mythes\/\",\"url\":\"https:\/\/emmaricochastel.com\/index.php\/2025\/02\/11\/mythes\/\",\"name\":\"Mythes - Emma RICO CHASTEL\",\"isPartOf\":{\"@id\":\"https:\/\/emmaricochastel.com\/#website\"},\"primaryImageOfPage\":{\"@id\":\"https:\/\/emmaricochastel.com\/index.php\/2025\/02\/11\/mythes\/#primaryimage\"},\"image\":{\"@id\":\"https:\/\/emmaricochastel.com\/index.php\/2025\/02\/11\/mythes\/#primaryimage\"},\"thumbnailUrl\":\"https:\/\/emmaricochastel.com\/wp-content\/uploads\/2025\/02\/Junon_web-scaled.jpg\",\"datePublished\":\"2025-02-11T11:16:35+00:00\",\"dateModified\":\"2026-03-30T09:36:11+00:00\",\"breadcrumb\":{\"@id\":\"https:\/\/emmaricochastel.com\/index.php\/2025\/02\/11\/mythes\/#breadcrumb\"},\"inLanguage\":\"fr-FR\",\"potentialAction\":[{\"@type\":\"ReadAction\",\"target\":[\"https:\/\/emmaricochastel.com\/index.php\/2025\/02\/11\/mythes\/\"]}]},{\"@type\":\"ImageObject\",\"inLanguage\":\"fr-FR\",\"@id\":\"https:\/\/emmaricochastel.com\/index.php\/2025\/02\/11\/mythes\/#primaryimage\",\"url\":\"https:\/\/emmaricochastel.com\/wp-content\/uploads\/2025\/02\/Junon_web-scaled.jpg\",\"contentUrl\":\"https:\/\/emmaricochastel.com\/wp-content\/uploads\/2025\/02\/Junon_web-scaled.jpg\",\"width\":1787,\"height\":2560},{\"@type\":\"BreadcrumbList\",\"@id\":\"https:\/\/emmaricochastel.com\/index.php\/2025\/02\/11\/mythes\/#breadcrumb\",\"itemListElement\":[{\"@type\":\"ListItem\",\"position\":1,\"name\":\"Accueil\",\"item\":\"https:\/\/emmaricochastel.com\/\"},{\"@type\":\"ListItem\",\"position\":2,\"name\":\"Mythes\"}]},{\"@type\":\"WebSite\",\"@id\":\"https:\/\/emmaricochastel.com\/#website\",\"url\":\"https:\/\/emmaricochastel.com\/\",\"name\":\"Emma RICO CHASTEL\",\"description\":\"Nature Peinture\",\"publisher\":{\"@id\":\"https:\/\/emmaricochastel.com\/#organization\"},\"potentialAction\":[{\"@type\":\"SearchAction\",\"target\":{\"@type\":\"EntryPoint\",\"urlTemplate\":\"https:\/\/emmaricochastel.com\/?s={search_term_string}\"},\"query-input\":{\"@type\":\"PropertyValueSpecification\",\"valueRequired\":true,\"valueName\":\"search_term_string\"}}],\"inLanguage\":\"fr-FR\"},{\"@type\":\"Organization\",\"@id\":\"https:\/\/emmaricochastel.com\/#organization\",\"name\":\"Emma RICO CHASTEL\",\"url\":\"https:\/\/emmaricochastel.com\/\",\"logo\":{\"@type\":\"ImageObject\",\"inLanguage\":\"fr-FR\",\"@id\":\"https:\/\/emmaricochastel.com\/#\/schema\/logo\/image\/\",\"url\":\"https:\/\/emmaricochastel.com\/wp-content\/uploads\/2025\/02\/IMG_5054-scaled.jpeg\",\"contentUrl\":\"https:\/\/emmaricochastel.com\/wp-content\/uploads\/2025\/02\/IMG_5054-scaled.jpeg\",\"width\":1920,\"height\":2560,\"caption\":\"Emma RICO CHASTEL\"},\"image\":{\"@id\":\"https:\/\/emmaricochastel.com\/#\/schema\/logo\/image\/\"},\"sameAs\":[\"https:\/\/www.instagram.com\/emma_ricochastel\"]},{\"@type\":\"Person\",\"@id\":\"https:\/\/emmaricochastel.com\/#\/schema\/person\/17c084f4a9cbad66a10e91c72503f8ee\",\"name\":\"admin3824\",\"image\":{\"@type\":\"ImageObject\",\"inLanguage\":\"fr-FR\",\"@id\":\"https:\/\/emmaricochastel.com\/#\/schema\/person\/image\/\",\"url\":\"https:\/\/secure.gravatar.com\/avatar\/b03871d6a46e486dd01b969d74833a60bcb932c554cb9128ff78f6b051a6da88?s=96&d=mm&r=g\",\"contentUrl\":\"https:\/\/secure.gravatar.com\/avatar\/b03871d6a46e486dd01b969d74833a60bcb932c554cb9128ff78f6b051a6da88?s=96&d=mm&r=g\",\"caption\":\"admin3824\"},\"sameAs\":[\"http:\/\/bsiizmw.cluster100.hosting.ovh.net\"],\"url\":\"https:\/\/emmaricochastel.com\/index.php\/author\/admin3824\/\"}]}<\/script>\n<!-- \/ Yoast SEO plugin. -->","yoast_head_json":{"title":"Mythes - Emma RICO CHASTEL","robots":{"index":"index","follow":"follow","max-snippet":"max-snippet:-1","max-image-preview":"max-image-preview:large","max-video-preview":"max-video-preview:-1"},"canonical":"https:\/\/emmaricochastel.com\/index.php\/2025\/02\/11\/mythes\/","og_locale":"fr_FR","og_type":"article","og_title":"Mythes - Emma RICO CHASTEL","og_description":"Mythes Le mythe relate des faits imaginaires, il r\u00e9pond \u00e0 un besoin m\u00e9thaphysique de l&rsquo;homme et l&rsquo;aide \u00e0 se confronter \u00e0 une suite de r\u00e9pr\u00e9sentations et de sch\u00e9ma. Paradoxalement cette histoire racont\u00e9e justifie une morale, un syst\u00e8me, un fonctionnement th\u00e9orique qui para\u00eet suffisamment acceptable, ou du moins qui tend \u00e0 relire la r\u00e9alit\u00e9 dans un [&hellip;]","og_url":"https:\/\/emmaricochastel.com\/index.php\/2025\/02\/11\/mythes\/","og_site_name":"Emma RICO CHASTEL","article_published_time":"2025-02-11T11:16:35+00:00","article_modified_time":"2026-03-30T09:36:11+00:00","og_image":[{"width":1787,"height":2560,"url":"https:\/\/emmaricochastel.com\/wp-content\/uploads\/2025\/02\/Junon_web-scaled.jpg","type":"image\/jpeg"}],"author":"admin3824","twitter_card":"summary_large_image","twitter_misc":{"\u00c9crit par":"admin3824","Dur\u00e9e de lecture estim\u00e9e":"5 minutes"},"schema":{"@context":"https:\/\/schema.org","@graph":[{"@type":"Article","@id":"https:\/\/emmaricochastel.com\/index.php\/2025\/02\/11\/mythes\/#article","isPartOf":{"@id":"https:\/\/emmaricochastel.com\/index.php\/2025\/02\/11\/mythes\/"},"author":{"name":"admin3824","@id":"https:\/\/emmaricochastel.com\/#\/schema\/person\/17c084f4a9cbad66a10e91c72503f8ee"},"headline":"Mythes","datePublished":"2025-02-11T11:16:35+00:00","dateModified":"2026-03-30T09:36:11+00:00","mainEntityOfPage":{"@id":"https:\/\/emmaricochastel.com\/index.php\/2025\/02\/11\/mythes\/"},"wordCount":306,"commentCount":0,"publisher":{"@id":"https:\/\/emmaricochastel.com\/#organization"},"image":{"@id":"https:\/\/emmaricochastel.com\/index.php\/2025\/02\/11\/mythes\/#primaryimage"},"thumbnailUrl":"https:\/\/emmaricochastel.com\/wp-content\/uploads\/2025\/02\/Junon_web-scaled.jpg","articleSection":["Peinture"],"inLanguage":"fr-FR","potentialAction":[{"@type":"CommentAction","name":"Comment","target":["https:\/\/emmaricochastel.com\/index.php\/2025\/02\/11\/mythes\/#respond"]}]},{"@type":"WebPage","@id":"https:\/\/emmaricochastel.com\/index.php\/2025\/02\/11\/mythes\/","url":"https:\/\/emmaricochastel.com\/index.php\/2025\/02\/11\/mythes\/","name":"Mythes - Emma RICO CHASTEL","isPartOf":{"@id":"https:\/\/emmaricochastel.com\/#website"},"primaryImageOfPage":{"@id":"https:\/\/emmaricochastel.com\/index.php\/2025\/02\/11\/mythes\/#primaryimage"},"image":{"@id":"https:\/\/emmaricochastel.com\/index.php\/2025\/02\/11\/mythes\/#primaryimage"},"thumbnailUrl":"https:\/\/emmaricochastel.com\/wp-content\/uploads\/2025\/02\/Junon_web-scaled.jpg","datePublished":"2025-02-11T11:16:35+00:00","dateModified":"2026-03-30T09:36:11+00:00","breadcrumb":{"@id":"https:\/\/emmaricochastel.com\/index.php\/2025\/02\/11\/mythes\/#breadcrumb"},"inLanguage":"fr-FR","potentialAction":[{"@type":"ReadAction","target":["https:\/\/emmaricochastel.com\/index.php\/2025\/02\/11\/mythes\/"]}]},{"@type":"ImageObject","inLanguage":"fr-FR","@id":"https:\/\/emmaricochastel.com\/index.php\/2025\/02\/11\/mythes\/#primaryimage","url":"https:\/\/emmaricochastel.com\/wp-content\/uploads\/2025\/02\/Junon_web-scaled.jpg","contentUrl":"https:\/\/emmaricochastel.com\/wp-content\/uploads\/2025\/02\/Junon_web-scaled.jpg","width":1787,"height":2560},{"@type":"BreadcrumbList","@id":"https:\/\/emmaricochastel.com\/index.php\/2025\/02\/11\/mythes\/#breadcrumb","itemListElement":[{"@type":"ListItem","position":1,"name":"Accueil","item":"https:\/\/emmaricochastel.com\/"},{"@type":"ListItem","position":2,"name":"Mythes"}]},{"@type":"WebSite","@id":"https:\/\/emmaricochastel.com\/#website","url":"https:\/\/emmaricochastel.com\/","name":"Emma RICO CHASTEL","description":"Nature Peinture","publisher":{"@id":"https:\/\/emmaricochastel.com\/#organization"},"potentialAction":[{"@type":"SearchAction","target":{"@type":"EntryPoint","urlTemplate":"https:\/\/emmaricochastel.com\/?s={search_term_string}"},"query-input":{"@type":"PropertyValueSpecification","valueRequired":true,"valueName":"search_term_string"}}],"inLanguage":"fr-FR"},{"@type":"Organization","@id":"https:\/\/emmaricochastel.com\/#organization","name":"Emma RICO CHASTEL","url":"https:\/\/emmaricochastel.com\/","logo":{"@type":"ImageObject","inLanguage":"fr-FR","@id":"https:\/\/emmaricochastel.com\/#\/schema\/logo\/image\/","url":"https:\/\/emmaricochastel.com\/wp-content\/uploads\/2025\/02\/IMG_5054-scaled.jpeg","contentUrl":"https:\/\/emmaricochastel.com\/wp-content\/uploads\/2025\/02\/IMG_5054-scaled.jpeg","width":1920,"height":2560,"caption":"Emma RICO CHASTEL"},"image":{"@id":"https:\/\/emmaricochastel.com\/#\/schema\/logo\/image\/"},"sameAs":["https:\/\/www.instagram.com\/emma_ricochastel"]},{"@type":"Person","@id":"https:\/\/emmaricochastel.com\/#\/schema\/person\/17c084f4a9cbad66a10e91c72503f8ee","name":"admin3824","image":{"@type":"ImageObject","inLanguage":"fr-FR","@id":"https:\/\/emmaricochastel.com\/#\/schema\/person\/image\/","url":"https:\/\/secure.gravatar.com\/avatar\/b03871d6a46e486dd01b969d74833a60bcb932c554cb9128ff78f6b051a6da88?s=96&d=mm&r=g","contentUrl":"https:\/\/secure.gravatar.com\/avatar\/b03871d6a46e486dd01b969d74833a60bcb932c554cb9128ff78f6b051a6da88?s=96&d=mm&r=g","caption":"admin3824"},"sameAs":["http:\/\/bsiizmw.cluster100.hosting.ovh.net"],"url":"https:\/\/emmaricochastel.com\/index.php\/author\/admin3824\/"}]}},"_links":{"self":[{"href":"https:\/\/emmaricochastel.com\/index.php\/wp-json\/wp\/v2\/posts\/90","targetHints":{"allow":["GET"]}}],"collection":[{"href":"https:\/\/emmaricochastel.com\/index.php\/wp-json\/wp\/v2\/posts"}],"about":[{"href":"https:\/\/emmaricochastel.com\/index.php\/wp-json\/wp\/v2\/types\/post"}],"author":[{"embeddable":true,"href":"https:\/\/emmaricochastel.com\/index.php\/wp-json\/wp\/v2\/users\/1"}],"replies":[{"embeddable":true,"href":"https:\/\/emmaricochastel.com\/index.php\/wp-json\/wp\/v2\/comments?post=90"}],"version-history":[{"count":48,"href":"https:\/\/emmaricochastel.com\/index.php\/wp-json\/wp\/v2\/posts\/90\/revisions"}],"predecessor-version":[{"id":641,"href":"https:\/\/emmaricochastel.com\/index.php\/wp-json\/wp\/v2\/posts\/90\/revisions\/641"}],"wp:featuredmedia":[{"embeddable":true,"href":"https:\/\/emmaricochastel.com\/index.php\/wp-json\/wp\/v2\/media\/93"}],"wp:attachment":[{"href":"https:\/\/emmaricochastel.com\/index.php\/wp-json\/wp\/v2\/media?parent=90"}],"wp:term":[{"taxonomy":"category","embeddable":true,"href":"https:\/\/emmaricochastel.com\/index.php\/wp-json\/wp\/v2\/categories?post=90"},{"taxonomy":"post_tag","embeddable":true,"href":"https:\/\/emmaricochastel.com\/index.php\/wp-json\/wp\/v2\/tags?post=90"}],"curies":[{"name":"wp","href":"https:\/\/api.w.org\/{rel}","templated":true}]}}